{"id":409,"date":"2012-03-05T22:35:51","date_gmt":"2012-03-06T02:05:51","guid":{"rendered":"http:\/\/ceguanabara.wordpress.com\/?p=409"},"modified":"2012-03-05T22:35:51","modified_gmt":"2012-03-06T02:05:51","slug":"a-primeira-montanha-da-trilogia-carnaval-2012-pedra-aguda","status":"publish","type":"post","link":"http:\/\/guanabara.org.br\/index.php\/2012\/03\/05\/a-primeira-montanha-da-trilogia-carnaval-2012-pedra-aguda\/","title":{"rendered":"A primeira Montanha da trilogia Carnaval 2012: Pedra Aguda"},"content":{"rendered":"<p><a href=\"http:\/\/guanabara.org.br\/wp-content\/uploads\/2012\/03\/carnaval-2012-pierre-001.jpg\"><img loading=\"lazy\" decoding=\"async\" class=\"alignleft size-medium wp-image-410\" title=\"foto Ana Carolina\" src=\"http:\/\/guanabara.org.br\/wp-content\/uploads\/2012\/03\/carnaval-2012-pierre-001.jpg?w=225\" alt=\"\" width=\"225\" height=\"300\" srcset=\"http:\/\/guanabara.org.br\/wp-content\/uploads\/2012\/03\/carnaval-2012-pierre-001.jpg 1944w, http:\/\/guanabara.org.br\/wp-content\/uploads\/2012\/03\/carnaval-2012-pierre-001-225x300.jpg 225w, http:\/\/guanabara.org.br\/wp-content\/uploads\/2012\/03\/carnaval-2012-pierre-001-768x1024.jpg 768w\" sizes=\"auto, (max-width: 225px) 100vw, 225px\" \/><\/a>Alguns amigos montanhistas falavam que passar o Carnaval no S\u00edtio do Pierre era legal pela reuni\u00e3o da galera, pela piscina de \u00e1guas naturais, pelo tempero da Lol\u00f3 e, principalmente, pelas caminhas interessantes pela regi\u00e3o.<\/p>\n<p>Chegamos sexta-feira (17\/02) ao s\u00edtio, por volta das 2 horas da manh\u00e3. Apesar da noite clara e estrelada, admito que n\u00e3o enxerguei o nosso desafio da manh\u00e3 seguinte: a Pedra Aguda.<\/p>\n<p>Na manh\u00e3 do s\u00e1bado de Carnaval, eu e Vin\u00edcius nos aventuramos em subir a Pedra Aguda guiados pelo Bacellar e pelo PJ. Logo no come\u00e7o, diante da falha no \u201cGPS\u201d dos nossos her\u00f3icos guias, tivemos uma pequena dificuldade em identificar a trilha, mas o Pierre gentilmente nos indicou o caminho (rs).<\/p>\n<p>A subida pela trilha leva pouco mais de uma hora de caminhada \u00edngreme atrav\u00e9s de mata e cost\u00f5es de pedra, chegando ao trecho onde existe uma corda fixa com ajuda da qual passamos para o outro lado da Montanha.<\/p>\n<p>Logo depois nos deparamos com dois trechos com \u201carame\u201d de a\u00e7o \u2013 tem quem jure que \u00e9 um cabo! \u2013 levemente expostos: o primeiro em diagonal e o segundo, mais longo, em vertical. Mais alguns minutos de caminhada e voil\u00e1: o cume da Pedra Aguda!!!<\/p>\n<p>O cume estava t\u00e3o convidativo que ficamos l\u00e1 por mais de uma hora at\u00e9 sentirmos o cheirinho do almo\u00e7o da Lol\u00f3 (rs). A vista das montanhas da regi\u00e3o, cobertas pela vegeta\u00e7\u00e3o nos lembra um tapete verde; o vento, a vista de cima do s\u00edtio e o bom papo com os amigos nos faz esquecer que existe uma descida bem chata pela frente.<\/p>\n<p>Voltamos pela trilha passando pelos desafios j\u00e1 enfrentados at\u00e9 o \u201clance\u201d que sabemos fazer melhor: o \u00faltimo grampo!!!<\/p>\n<p><em><strong>Ana Carolina Oliveira<\/strong><\/em><\/p>\n","protected":false},"excerpt":{"rendered":"<p>Alguns amigos montanhistas falavam que passar o Carnaval no S\u00edtio do Pierre era legal pela reuni\u00e3o da galera, pela piscina de \u00e1guas naturais, pelo tempero da Lol\u00f3 e, principalmente, pelas caminhas interessantes pela regi\u00e3o. Chegamos sexta-feira (17\/02) ao s\u00edtio, por volta das 2 horas da manh\u00e3. Apesar da noite clara e estrelada, admito que n\u00e3o <a class=\"more-link\" href=\"http:\/\/guanabara.org.br\/index.php\/2012\/03\/05\/a-primeira-montanha-da-trilogia-carnaval-2012-pedra-aguda\/\">Read More &#8230;<\/a><\/p>\n","protected":false},"author":1,"featured_media":0,"comment_status":"open","ping_status":"open","sticky":false,"template":"","format":"standard","meta":{"footnotes":""},"categories":[6],"tags":[37,142,100],"class_list":["post-409","post","type-post","status-publish","format-standard","hentry","category-boletim-janfevmar-2012","tag-caminhada","tag-carnaval","tag-pedra-aguda"],"_links":{"self":[{"href":"http:\/\/guanabara.org.br\/index.php\/wp-json\/wp\/v2\/posts\/409","targetHints":{"allow":["GET"]}}],"collection":[{"href":"http:\/\/guanabara.org.br\/index.php\/wp-json\/wp\/v2\/posts"}],"about":[{"href":"http:\/\/guanabara.org.br\/index.php\/wp-json\/wp\/v2\/types\/post"}],"author":[{"embeddable":true,"href":"http:\/\/guanabara.org.br\/index.php\/wp-json\/wp\/v2\/users\/1"}],"replies":[{"embeddable":true,"href":"http:\/\/guanabara.org.br\/index.php\/wp-json\/wp\/v2\/comments?post=409"}],"version-history":[{"count":0,"href":"http:\/\/guanabara.org.br\/index.php\/wp-json\/wp\/v2\/posts\/409\/revisions"}],"wp:attachment":[{"href":"http:\/\/guanabara.org.br\/index.php\/wp-json\/wp\/v2\/media?parent=409"}],"wp:term":[{"taxonomy":"category","embeddable":true,"href":"http:\/\/guanabara.org.br\/index.php\/wp-json\/wp\/v2\/categories?post=409"},{"taxonomy":"post_tag","embeddable":true,"href":"http:\/\/guanabara.org.br\/index.php\/wp-json\/wp\/v2\/tags?post=409"}],"curies":[{"name":"wp","href":"https:\/\/api.w.org\/{rel}","templated":true}]}}