{"id":427,"date":"2012-03-05T22:41:06","date_gmt":"2012-03-06T02:11:06","guid":{"rendered":"http:\/\/ceguanabara.wordpress.com\/?p=427"},"modified":"2012-03-05T22:41:06","modified_gmt":"2012-03-06T02:11:06","slug":"boletim-informativo-de-jan-a-mar-2012","status":"publish","type":"post","link":"http:\/\/guanabara.org.br\/index.php\/2012\/03\/05\/boletim-informativo-de-jan-a-mar-2012\/","title":{"rendered":"Boletim Informativo de Jan a Mar 2012"},"content":{"rendered":"<p><strong>EDITORIAL<\/strong><\/p>\n<p><strong>No CEG, o ano n\u00e3o come\u00e7a depois do Carnaval<\/strong><\/p>\n<p>\u00c9 comum ouvirmos que o ano s\u00f3 come\u00e7a depois do Carnaval. No CEG, vamos provar que n\u00e3o \u00e9 bem assim!!!!<br \/>\nEm janeiro, al\u00e9m de caminhadas no Rio de Janeiro, o m\u00eas contou com uma excurs\u00e3o para <strong>Santa Rita de Jacutinga (MG)<\/strong>, organizada pelo Trindade, que reuniu cerca de 40 participantes.<\/p>\n<p>Enquanto isso, a diretoria do Guanabara estava a todo vapor na organiza\u00e7\u00e3o de uma das festas mais badaladas do montanhismo: o <strong>bloco S\u00f3 o Cume Interessa<\/strong> (SoCI).<\/p>\n<p>Nesse ano, o SoCI superou tanto na organiza\u00e7\u00e3o, quanto em n\u00famero de p\u00fablico. O bloco saiu sem dar preju\u00edzo ao clube. Gra\u00e7as ao patroc\u00ednio para as camisetas, das lojas Adventura e Makalu Sports, ambas de produtos de montanhismo (que garantem desconto para s\u00f3cios do clube), dos restaurantes Atelier e da Oriente Seguradora.<br \/>\nSucesso total foi tamb\u00e9m a participa\u00e7\u00e3o da bateria nota dez, formada por cerca de 30 m\u00fasicos que tocam em alguns blocos j\u00e1 consagrados na cidade; al\u00e9m da participa\u00e7\u00e3o de um p\u00fablico recorde desde a primeira edi\u00e7\u00e3o do bloco.<\/p>\n<p>Este, com certeza j\u00e1 se consagrou como mais um evento do montanhismo carioca, se n\u00e3o, nacional, devido a participa\u00e7\u00e3o tamb\u00e9m de escaladores de outros estados na nossa festividade.<\/p>\n<p><a href=\"http:\/\/guanabara.org.br\/wp-content\/uploads\/2012\/03\/20120202_153045_m.jpg\"><img loading=\"lazy\" decoding=\"async\" class=\"alignleft size-medium wp-image-429\" title=\"Invas\u00e3o Feminina\" src=\"http:\/\/guanabara.org.br\/wp-content\/uploads\/2012\/03\/20120202_153045_m.jpg?w=285\" alt=\"\" width=\"285\" height=\"300\" srcset=\"http:\/\/guanabara.org.br\/wp-content\/uploads\/2012\/03\/20120202_153045_m.jpg 300w, http:\/\/guanabara.org.br\/wp-content\/uploads\/2012\/03\/20120202_153045_m-285x300.jpg 285w\" sizes=\"auto, (max-width: 285px) 100vw, 285px\" \/><\/a>E por falar em evento, dois grandes eventos, est\u00e3o por vir. No dia <strong>11 de mar\u00e7o<\/strong> ser\u00e1 realizada mais uma <strong>Invas\u00e3o Feminina<\/strong> nos pared\u00f5es da Urca, em comemora\u00e7\u00e3o ao Dia Internacional da Mulher, que cair\u00e1 durante a semana.<\/p>\n<p>As meninas do CEG j\u00e1 est\u00e3o se organizando. As vias escolhidas ser\u00e3o as do Coloridos.\u00a0 Se para algumas escaladoras o que mais vale \u00e9 o grau de dificuldade; para n\u00f3s, o que mais conta \u00e9 o fato de estarmos juntas nessa confraterniza\u00e7\u00e3o. E pra mostrar que vamos realmente invadir, at\u00e9 a Dione vier\u00e1 dos states para mais um evento das luluzinhas!<\/p>\n<p>Outro acontecimento de grande peso para a na\u00e7\u00e3o montanhista \u00e9 a <strong>1\u00aa Semana Brasileira de Montanhismo<\/strong>, que acontecer\u00e1 de <strong>24 de abril a 1\u00ba de maio<\/strong>, <strong>no Rio de Janeiro<\/strong>. O evento contar\u00e1 com exposi\u00e7\u00f5es, campeonato de escalada, cinema e palestras ministradas por grandes nomes da escalada nacional e internacional.<br \/>\nContamos com a participa\u00e7\u00e3o de todos para o sucesso desse evento. Veja mais informa\u00e7\u00f5es na p\u00e1gina 10.<br \/>\nEm seu \u00faltimo dia (1\u00ba de maio) ser\u00e1 realizada a Abertura da Temporada de Montanhismo do Rio de Janeiro. O CEG mais uma vez participar\u00e1 com sua barraca!<\/p>\n<p>E para finalizar, o Centro Excursionista Guanabara d\u00e1 as boas vindas aos 14 futuros montanhistas que iniciaram o Curso B\u00e1sico de Montanhismo &#8211; CBM 2012, no \u00faltimo dia 27 de fevereiro. Aos nossos guias, e alunos da ETG, mais uma vez agradecemos ao empenho e dedica\u00e7\u00e3o pela forma\u00e7\u00e3o de pessoas mais conscientes para a pr\u00e1tica do montanhismo.<\/p>\n<p>Sejam bem-vindos!<\/p>\n<p><em><strong>Carla Vieira<\/strong><\/em><br \/>\n<em><strong>Divulga\u00e7\u00e3o CEG<\/strong><\/em><\/p>\n","protected":false},"excerpt":{"rendered":"<p>EDITORIAL No CEG, o ano n\u00e3o come\u00e7a depois do Carnaval \u00c9 comum ouvirmos que o ano s\u00f3 come\u00e7a depois do Carnaval. No CEG, vamos provar que n\u00e3o \u00e9 bem assim!!!! Em janeiro, al\u00e9m de caminhadas no Rio de Janeiro, o m\u00eas contou com uma excurs\u00e3o para Santa Rita de Jacutinga (MG), organizada pelo Trindade, que <a class=\"more-link\" href=\"http:\/\/guanabara.org.br\/index.php\/2012\/03\/05\/boletim-informativo-de-jan-a-mar-2012\/\">Read More &#8230;<\/a><\/p>\n","protected":false},"author":1,"featured_media":0,"comment_status":"open","ping_status":"open","sticky":false,"template":"","format":"standard","meta":{"footnotes":""},"categories":[6],"tags":[51,63,108,111,113],"class_list":["post-427","post","type-post","status-publish","format-standard","hentry","category-boletim-janfevmar-2012","tag-clube-de-montanhismo","tag-escalada","tag-santa-rita-de-jacutinga","tag-semana-do-montanhismo","tag-sme"],"_links":{"self":[{"href":"http:\/\/guanabara.org.br\/index.php\/wp-json\/wp\/v2\/posts\/427","targetHints":{"allow":["GET"]}}],"collection":[{"href":"http:\/\/guanabara.org.br\/index.php\/wp-json\/wp\/v2\/posts"}],"about":[{"href":"http:\/\/guanabara.org.br\/index.php\/wp-json\/wp\/v2\/types\/post"}],"author":[{"embeddable":true,"href":"http:\/\/guanabara.org.br\/index.php\/wp-json\/wp\/v2\/users\/1"}],"replies":[{"embeddable":true,"href":"http:\/\/guanabara.org.br\/index.php\/wp-json\/wp\/v2\/comments?post=427"}],"version-history":[{"count":0,"href":"http:\/\/guanabara.org.br\/index.php\/wp-json\/wp\/v2\/posts\/427\/revisions"}],"wp:attachment":[{"href":"http:\/\/guanabara.org.br\/index.php\/wp-json\/wp\/v2\/media?parent=427"}],"wp:term":[{"taxonomy":"category","embeddable":true,"href":"http:\/\/guanabara.org.br\/index.php\/wp-json\/wp\/v2\/categories?post=427"},{"taxonomy":"post_tag","embeddable":true,"href":"http:\/\/guanabara.org.br\/index.php\/wp-json\/wp\/v2\/tags?post=427"}],"curies":[{"name":"wp","href":"https:\/\/api.w.org\/{rel}","templated":true}]}}