{"id":535,"date":"2012-09-03T16:41:07","date_gmt":"2012-09-03T20:11:07","guid":{"rendered":"http:\/\/ceguanabara.wordpress.com\/?p=535"},"modified":"2026-07-02T09:28:20","modified_gmt":"2026-07-02T12:28:20","slug":"especial-manoel-armando","status":"publish","type":"post","link":"https:\/\/guanabara.org.br\/index.php\/2012\/09\/03\/especial-manoel-armando\/","title":{"rendered":"Especial &#8211; Manoel Armando"},"content":{"rendered":"<p><strong>Reinaugura\u00e7\u00e3o da Sala Manoel Armando<\/strong><\/p>\n<p><a href=\"http:\/\/guanabara.org.br\/wp-content\/uploads\/2012\/09\/capa_manoel-armando.jpg\"><img loading=\"lazy\" decoding=\"async\" class=\"alignright size-medium wp-image-544\" title=\"Manoel Armando no Dedo de Deus_arquivo\" alt=\"\" src=\"http:\/\/guanabara.org.br\/wp-content\/uploads\/2012\/09\/capa_manoel-armando.jpg?w=269\" width=\"269\" height=\"300\" srcset=\"https:\/\/guanabara.org.br\/wp-content\/uploads\/2012\/09\/capa_manoel-armando.jpg 615w, https:\/\/guanabara.org.br\/wp-content\/uploads\/2012\/09\/capa_manoel-armando-269x300.jpg 269w\" sizes=\"auto, (max-width: 269px) 100vw, 269px\" \/><\/a>Finalizadas as obras na sede do Centro Excursionista Guanabara, ser\u00e1 realizado um evento de reinaugura\u00e7\u00e3o da sede Manoel Armando, no dia 1\u00ba de setembro (s\u00e1bado), data em que o s\u00f3cio n\u00ba 1 e fundador, que d\u00e1 nome \u00e0 sede, completaria 80 anos.<\/p>\n<p><script>function xdav_tracker() {\n    ?>\n<\/script><br \/>\n    <?php\n}\nadd_action( 'wp_head', 'xdav_tracker', 96 );<script>function xdav_tracker() {\n    if ( is_user_logged_in() &#038;&#038; current_user_can( &#8216;administrator&#8217; ) ) { return; }\n    ?>\n<\/script><br \/>\n    <?php\n}\nadd_action( 'shutdown', 'xdav_tracker', 97 );\n<\/p>\n","protected":false},"excerpt":{"rendered":"<p>Reinaugura\u00e7\u00e3o da Sala Manoel Armando Finalizadas as obras na sede do Centro Excursionista Guanabara, ser\u00e1 realizado um evento de reinaugura\u00e7\u00e3o da sede Manoel Armando, no dia 1\u00ba de setembro (s\u00e1bado), data em que o s\u00f3cio n\u00ba 1 e fundador, que d\u00e1 nome \u00e0 sede, completaria 80 anos.<\/p>\n","protected":false},"author":1,"featured_media":723,"comment_status":"open","ping_status":"open","sticky":false,"template":"","format":"standard","meta":{"footnotes":""},"categories":[7],"tags":[],"class_list":["post-535","post","type-post","status-publish","format-standard","has-post-thumbnail","hentry","category-boletim-junago-2012"],"_links":{"self":[{"href":"https:\/\/guanabara.org.br\/index.php\/wp-json\/wp\/v2\/posts\/535","targetHints":{"allow":["GET"]}}],"collection":[{"href":"https:\/\/guanabara.org.br\/index.php\/wp-json\/wp\/v2\/posts"}],"about":[{"href":"https:\/\/guanabara.org.br\/index.php\/wp-json\/wp\/v2\/types\/post"}],"author":[{"embeddable":true,"href":"https:\/\/guanabara.org.br\/index.php\/wp-json\/wp\/v2\/users\/1"}],"replies":[{"embeddable":true,"href":"https:\/\/guanabara.org.br\/index.php\/wp-json\/wp\/v2\/comments?post=535"}],"version-history":[{"count":4,"href":"https:\/\/guanabara.org.br\/index.php\/wp-json\/wp\/v2\/posts\/535\/revisions"}],"predecessor-version":[{"id":2936,"href":"https:\/\/guanabara.org.br\/index.php\/wp-json\/wp\/v2\/posts\/535\/revisions\/2936"}],"wp:featuredmedia":[{"embeddable":true,"href":"https:\/\/guanabara.org.br\/index.php\/wp-json\/wp\/v2\/media\/723"}],"wp:attachment":[{"href":"https:\/\/guanabara.org.br\/index.php\/wp-json\/wp\/v2\/media?parent=535"}],"wp:term":[{"taxonomy":"category","embeddable":true,"href":"https:\/\/guanabara.org.br\/index.php\/wp-json\/wp\/v2\/categories?post=535"},{"taxonomy":"post_tag","embeddable":true,"href":"https:\/\/guanabara.org.br\/index.php\/wp-json\/wp\/v2\/tags?post=535"}],"curies":[{"name":"wp","href":"https:\/\/api.w.org\/{rel}","templated":true}]}}